{"id":17083,"date":"2021-06-13T11:34:08","date_gmt":"2021-06-13T09:34:08","guid":{"rendered":"https:\/\/cfbenaim.com\/faceties-la-terrasse\/"},"modified":"2021-10-04T14:03:58","modified_gmt":"2021-10-04T12:03:58","slug":"faceties-la-terrasse","status":"publish","type":"post","link":"https:\/\/cfbenaim.com\/en\/faceties-la-terrasse\/","title":{"rendered":"JESTS, la terrasse"},"content":{"rendered":"<div class=\"wpb-content-wrapper\"><p>[vc_row padding_top_multiplier=&#8221;&#8221;][vc_column][vc_column_text]A little swirling, a little unstable, the dance of Fac\u00e9ties surprises the eye and makes us smile. Another mischievous trick by Christian and Fran\u00e7ois Ben A\u00efm&#8230; This new creation shows the evolution of a choreographic style that has gone, in twenty years, from an intense, earthy physicality, to a more aerial, delicate deployment teeming with small details. Fac\u00e9ties unveils a world where six dancers seem to find their place as best they can, with a relative sense of control. But let&#8217;s not be mistaken: this gesture, where movement crosses bodies as if by accident, seizes beings as if by inattention and surprises the dancer with each step, requires its share of virtuosity. Here we are faced with astonishing states of the body, which shake up the norms of the dancing body and provoke delicious twists and turns, in a shift towards a leaping burlesque and a joyful poetics.[\/vc_column_text][\/vc_column][\/vc_row][vc_row][vc_column]<div class=\"grve-element grve-team grve-layout-3 grve-mouse-move\">\r\n\t<div class=\"grve-team-person\">\r\n\t\t<img loading=\"lazy\" decoding=\"async\" width=\"150\" height=\"150\" src=\"https:\/\/cfbenaim.com\/wp-content\/uploads\/2021\/07\/la-terrasse-logo-dark-150x150.png\" class=\"attachment-thumbnail size-thumbnail\" alt=\"la terrasse-logo-dark\" data-column-space=\"auto\" data-lazyload=\"\" srcset=\"https:\/\/cfbenaim.com\/wp-content\/uploads\/2021\/07\/la-terrasse-logo-dark-150x150.png 150w, https:\/\/cfbenaim.com\/wp-content\/uploads\/2021\/07\/la-terrasse-logo-dark.png 300w\" sizes=\"auto, (max-width: 150px) 100vw, 150px\" \/>\t\t\t<\/div>\r\n\t<div class=\"grve-team-description\">\r\n\t\t\t\t<div class=\"grve-team-identity grve-small-text\">la terrasse, June 2021<\/div>\r\n\t\t\t\t<h3 class=\"grve-team-name grve-link-text\">Nathalie Yokel<\/h3>\r\n\t<\/div>\r\n<\/div>\r\n[\/vc_column][\/vc_row][vc_row][vc_column]<div class=\"grve-element grve-align-center\"><a href=\"https:\/\/drive.google.com\/file\/d\/1tKxwZW-A2dFWenGzlkUgOvjMHOpxRe1e\/view\" target=\"_blank\" class=\"grve-btn grve-btn-outline grve-round grve-border-black grve-bg-hover-primary-1 grve-border-hover-primary-1 grve-text-black grve-text-hover-white grve-btn-medium grve-with-svg-icon-arrow-2\">\r\n\t\t<div class=\"grve-btn-inner\">\r\n\t\t<span>Press kit (French)<\/span>\r\n\t\t\t\t\t\t\t<div class=\"grve-btn-svg-icon\">\r\n\t\t\t\t\t\t\t<svg width=\"40px\" height=\"16px\" viewBox=\"0 0 40 16\">\r\n\t\t\t\t\t<polygon class=\"grve-arrow-line\" points=\"0 7 38 7 38 9 0 9\"><\/polygon>\r\n\t\t\t\t\t<polygon class=\"grve-arrow-point\" points=\"31.3481912 0 40 8 31.3481912 16 30 14.5816219 37.1 8 30 1.41837809\"><\/polygon>\r\n\t\t\t\t<\/svg>\r\n\t\t\t\t\t\t\t\t<\/div>\r\n\t\t\t\t\t<\/div>\r\n\t<\/a><\/div>[\/vc_column][\/vc_row]<\/p>\n<\/div>","protected":false},"excerpt":{"rendered":"<p>[vc_row padding_top_multiplier=&#8221;&#8221;][vc_column][vc_column_text]A little swirling, a little unstable, the dance of Fac\u00e9ties surprises the eye and makes us smile. Another mischievous trick by Christian and Fran\u00e7ois Ben A\u00efm&#8230; This new creation shows the evolution of a choreographic style that has gone, in twenty years, from an intense, earthy physicality, to a more aerial, delicate deployment teeming [&hellip;]<\/p>\n","protected":false},"author":1,"featured_media":16758,"comment_status":"closed","ping_status":"closed","sticky":false,"template":"","format":"quote","meta":{"footnotes":""},"categories":[87],"tags":[],"class_list":["post-17083","post","type-post","status-publish","format-quote","has-post-thumbnail","hentry","category-press","post_format-post-format-quote","grve-entry-item","grve-blog-item"],"yoast_head":"<!-- This site is optimized with the Yoast SEO plugin v26.9 - https:\/\/yoast.com\/product\/yoast-seo-wordpress\/ -->\n<title>JESTS, la terrasse - Compagnie Christian et Fran\u00e7ois Ben A\u00efm<\/title>\n<meta name=\"robots\" content=\"index, follow, max-snippet:-1, max-image-preview:large, max-video-preview:-1\" \/>\n<link rel=\"canonical\" href=\"https:\/\/cfbenaim.com\/en\/faceties-la-terrasse\/\" \/>\n<meta property=\"og:locale\" content=\"en_US\" \/>\n<meta property=\"og:type\" content=\"article\" \/>\n<meta property=\"og:title\" content=\"JESTS, la terrasse - Compagnie Christian et Fran\u00e7ois Ben A\u00efm\" \/>\n<meta property=\"og:description\" content=\"[vc_row padding_top_multiplier=&#8221;&#8221;][vc_column][vc_column_text]A little swirling, a little unstable, the dance of Fac\u00e9ties surprises the eye and makes us smile. Another mischievous trick by Christian and Fran\u00e7ois Ben A\u00efm&#8230; This new creation shows the evolution of a choreographic style that has gone, in twenty years, from an intense, earthy physicality, to a more aerial, delicate deployment teeming [&hellip;]\" \/>\n<meta property=\"og:url\" content=\"https:\/\/cfbenaim.com\/en\/faceties-la-terrasse\/\" \/>\n<meta property=\"og:site_name\" content=\"Compagnie Christian et Fran\u00e7ois Ben A\u00efm\" \/>\n<meta property=\"article:publisher\" content=\"https:\/\/www.facebook.com\/christianetfrancoisbenaim\" \/>\n<meta property=\"article:published_time\" content=\"2021-06-13T09:34:08+00:00\" \/>\n<meta property=\"article:modified_time\" content=\"2021-10-04T12:03:58+00:00\" \/>\n<meta property=\"og:image\" content=\"https:\/\/cfbenaim.com\/wp-content\/uploads\/2021\/08\/FACETIES-diapo-spectacle-accueil-2.jpg\" \/>\n\t<meta property=\"og:image:width\" content=\"1920\" \/>\n\t<meta property=\"og:image:height\" content=\"1180\" \/>\n\t<meta property=\"og:image:type\" content=\"image\/jpeg\" \/>\n<meta name=\"author\" content=\"loict\" \/>\n<meta name=\"twitter:card\" content=\"summary_large_image\" \/>\n<meta name=\"twitter:label1\" content=\"Written by\" \/>\n\t<meta name=\"twitter:data1\" content=\"loict\" \/>\n\t<meta name=\"twitter:label2\" content=\"Est. reading time\" \/>\n\t<meta name=\"twitter:data2\" content=\"1 minute\" \/>\n<script type=\"application\/ld+json\" class=\"yoast-schema-graph\">{\"@context\":\"https:\/\/schema.org\",\"@graph\":[{\"@type\":\"Article\",\"@id\":\"https:\/\/cfbenaim.com\/en\/faceties-la-terrasse\/#article\",\"isPartOf\":{\"@id\":\"https:\/\/cfbenaim.com\/en\/faceties-la-terrasse\/\"},\"author\":{\"name\":\"loict\",\"@id\":\"https:\/\/cfbenaim.com\/#\/schema\/person\/38fc5df9ccb8b47cd46aaf5c5c0133b9\"},\"headline\":\"JESTS, la terrasse\",\"datePublished\":\"2021-06-13T09:34:08+00:00\",\"dateModified\":\"2021-10-04T12:03:58+00:00\",\"mainEntityOfPage\":{\"@id\":\"https:\/\/cfbenaim.com\/en\/faceties-la-terrasse\/\"},\"wordCount\":253,\"publisher\":{\"@id\":\"https:\/\/cfbenaim.com\/#organization\"},\"image\":{\"@id\":\"https:\/\/cfbenaim.com\/en\/faceties-la-terrasse\/#primaryimage\"},\"thumbnailUrl\":\"https:\/\/cfbenaim.com\/wp-content\/uploads\/2021\/08\/FACETIES-diapo-spectacle-accueil-2.jpg\",\"articleSection\":[\"Press\"],\"inLanguage\":\"en-US\"},{\"@type\":\"WebPage\",\"@id\":\"https:\/\/cfbenaim.com\/en\/faceties-la-terrasse\/\",\"url\":\"https:\/\/cfbenaim.com\/en\/faceties-la-terrasse\/\",\"name\":\"JESTS, la terrasse - Compagnie Christian et Fran\u00e7ois Ben A\u00efm\",\"isPartOf\":{\"@id\":\"https:\/\/cfbenaim.com\/#website\"},\"primaryImageOfPage\":{\"@id\":\"https:\/\/cfbenaim.com\/en\/faceties-la-terrasse\/#primaryimage\"},\"image\":{\"@id\":\"https:\/\/cfbenaim.com\/en\/faceties-la-terrasse\/#primaryimage\"},\"thumbnailUrl\":\"https:\/\/cfbenaim.com\/wp-content\/uploads\/2021\/08\/FACETIES-diapo-spectacle-accueil-2.jpg\",\"datePublished\":\"2021-06-13T09:34:08+00:00\",\"dateModified\":\"2021-10-04T12:03:58+00:00\",\"breadcrumb\":{\"@id\":\"https:\/\/cfbenaim.com\/en\/faceties-la-terrasse\/#breadcrumb\"},\"inLanguage\":\"en-US\",\"potentialAction\":[{\"@type\":\"ReadAction\",\"target\":[\"https:\/\/cfbenaim.com\/en\/faceties-la-terrasse\/\"]}]},{\"@type\":\"ImageObject\",\"inLanguage\":\"en-US\",\"@id\":\"https:\/\/cfbenaim.com\/en\/faceties-la-terrasse\/#primaryimage\",\"url\":\"https:\/\/cfbenaim.com\/wp-content\/uploads\/2021\/08\/FACETIES-diapo-spectacle-accueil-2.jpg\",\"contentUrl\":\"https:\/\/cfbenaim.com\/wp-content\/uploads\/2021\/08\/FACETIES-diapo-spectacle-accueil-2.jpg\",\"width\":1920,\"height\":1180,\"caption\":\"FAC\u00c9TIES-diapo-spectacle-accueil-2\"},{\"@type\":\"BreadcrumbList\",\"@id\":\"https:\/\/cfbenaim.com\/en\/faceties-la-terrasse\/#breadcrumb\",\"itemListElement\":[{\"@type\":\"ListItem\",\"position\":1,\"name\":\"Accueil\",\"item\":\"https:\/\/cfbenaim.com\/en\/\"},{\"@type\":\"ListItem\",\"position\":2,\"name\":\"JESTS, la terrasse\"}]},{\"@type\":\"WebSite\",\"@id\":\"https:\/\/cfbenaim.com\/#website\",\"url\":\"https:\/\/cfbenaim.com\/\",\"name\":\"Compagnie Christian et Fran\u00e7ois Ben A\u00efm\",\"description\":\"Chor\u00e9graphes\",\"publisher\":{\"@id\":\"https:\/\/cfbenaim.com\/#organization\"},\"potentialAction\":[{\"@type\":\"SearchAction\",\"target\":{\"@type\":\"EntryPoint\",\"urlTemplate\":\"https:\/\/cfbenaim.com\/?s={search_term_string}\"},\"query-input\":{\"@type\":\"PropertyValueSpecification\",\"valueRequired\":true,\"valueName\":\"search_term_string\"}}],\"inLanguage\":\"en-US\"},{\"@type\":\"Organization\",\"@id\":\"https:\/\/cfbenaim.com\/#organization\",\"name\":\"Compagnie Christian et Fran\u00e7ois Ben A\u00efm\",\"url\":\"https:\/\/cfbenaim.com\/\",\"logo\":{\"@type\":\"ImageObject\",\"inLanguage\":\"en-US\",\"@id\":\"https:\/\/cfbenaim.com\/#\/schema\/logo\/image\/\",\"url\":\"https:\/\/cfbenaim.com\/wp-content\/uploads\/2021\/07\/benaim_logo_noir.png\",\"contentUrl\":\"https:\/\/cfbenaim.com\/wp-content\/uploads\/2021\/07\/benaim_logo_noir.png\",\"width\":500,\"height\":413,\"caption\":\"Compagnie Christian et Fran\u00e7ois Ben A\u00efm\"},\"image\":{\"@id\":\"https:\/\/cfbenaim.com\/#\/schema\/logo\/image\/\"},\"sameAs\":[\"https:\/\/www.facebook.com\/christianetfrancoisbenaim\",\"https:\/\/www.instagram.com\/cfbenaim\/\",\"https:\/\/www.linkedin.com\/company\/christian-et-fran\u00e7ois-ben-a\u00efm\/\",\"https:\/\/www.youtube.com\/channel\/UCuWIHFD_xxAfpkyxSC25E6g\"]},{\"@type\":\"Person\",\"@id\":\"https:\/\/cfbenaim.com\/#\/schema\/person\/38fc5df9ccb8b47cd46aaf5c5c0133b9\",\"name\":\"loict\",\"sameAs\":[\"https:\/\/cfbenaim.com\"],\"url\":\"https:\/\/cfbenaim.com\/en\/author\/loict\/\"}]}<\/script>\n<!-- \/ Yoast SEO plugin. -->","yoast_head_json":{"title":"JESTS, la terrasse - Compagnie Christian et Fran\u00e7ois Ben A\u00efm","robots":{"index":"index","follow":"follow","max-snippet":"max-snippet:-1","max-image-preview":"max-image-preview:large","max-video-preview":"max-video-preview:-1"},"canonical":"https:\/\/cfbenaim.com\/en\/faceties-la-terrasse\/","og_locale":"en_US","og_type":"article","og_title":"JESTS, la terrasse - Compagnie Christian et Fran\u00e7ois Ben A\u00efm","og_description":"[vc_row padding_top_multiplier=&#8221;&#8221;][vc_column][vc_column_text]A little swirling, a little unstable, the dance of Fac\u00e9ties surprises the eye and makes us smile. Another mischievous trick by Christian and Fran\u00e7ois Ben A\u00efm&#8230; This new creation shows the evolution of a choreographic style that has gone, in twenty years, from an intense, earthy physicality, to a more aerial, delicate deployment teeming [&hellip;]","og_url":"https:\/\/cfbenaim.com\/en\/faceties-la-terrasse\/","og_site_name":"Compagnie Christian et Fran\u00e7ois Ben A\u00efm","article_publisher":"https:\/\/www.facebook.com\/christianetfrancoisbenaim","article_published_time":"2021-06-13T09:34:08+00:00","article_modified_time":"2021-10-04T12:03:58+00:00","og_image":[{"width":1920,"height":1180,"url":"https:\/\/cfbenaim.com\/wp-content\/uploads\/2021\/08\/FACETIES-diapo-spectacle-accueil-2.jpg","type":"image\/jpeg"}],"author":"loict","twitter_card":"summary_large_image","twitter_misc":{"Written by":"loict","Est. reading time":"1 minute"},"schema":{"@context":"https:\/\/schema.org","@graph":[{"@type":"Article","@id":"https:\/\/cfbenaim.com\/en\/faceties-la-terrasse\/#article","isPartOf":{"@id":"https:\/\/cfbenaim.com\/en\/faceties-la-terrasse\/"},"author":{"name":"loict","@id":"https:\/\/cfbenaim.com\/#\/schema\/person\/38fc5df9ccb8b47cd46aaf5c5c0133b9"},"headline":"JESTS, la terrasse","datePublished":"2021-06-13T09:34:08+00:00","dateModified":"2021-10-04T12:03:58+00:00","mainEntityOfPage":{"@id":"https:\/\/cfbenaim.com\/en\/faceties-la-terrasse\/"},"wordCount":253,"publisher":{"@id":"https:\/\/cfbenaim.com\/#organization"},"image":{"@id":"https:\/\/cfbenaim.com\/en\/faceties-la-terrasse\/#primaryimage"},"thumbnailUrl":"https:\/\/cfbenaim.com\/wp-content\/uploads\/2021\/08\/FACETIES-diapo-spectacle-accueil-2.jpg","articleSection":["Press"],"inLanguage":"en-US"},{"@type":"WebPage","@id":"https:\/\/cfbenaim.com\/en\/faceties-la-terrasse\/","url":"https:\/\/cfbenaim.com\/en\/faceties-la-terrasse\/","name":"JESTS, la terrasse - Compagnie Christian et Fran\u00e7ois Ben A\u00efm","isPartOf":{"@id":"https:\/\/cfbenaim.com\/#website"},"primaryImageOfPage":{"@id":"https:\/\/cfbenaim.com\/en\/faceties-la-terrasse\/#primaryimage"},"image":{"@id":"https:\/\/cfbenaim.com\/en\/faceties-la-terrasse\/#primaryimage"},"thumbnailUrl":"https:\/\/cfbenaim.com\/wp-content\/uploads\/2021\/08\/FACETIES-diapo-spectacle-accueil-2.jpg","datePublished":"2021-06-13T09:34:08+00:00","dateModified":"2021-10-04T12:03:58+00:00","breadcrumb":{"@id":"https:\/\/cfbenaim.com\/en\/faceties-la-terrasse\/#breadcrumb"},"inLanguage":"en-US","potentialAction":[{"@type":"ReadAction","target":["https:\/\/cfbenaim.com\/en\/faceties-la-terrasse\/"]}]},{"@type":"ImageObject","inLanguage":"en-US","@id":"https:\/\/cfbenaim.com\/en\/faceties-la-terrasse\/#primaryimage","url":"https:\/\/cfbenaim.com\/wp-content\/uploads\/2021\/08\/FACETIES-diapo-spectacle-accueil-2.jpg","contentUrl":"https:\/\/cfbenaim.com\/wp-content\/uploads\/2021\/08\/FACETIES-diapo-spectacle-accueil-2.jpg","width":1920,"height":1180,"caption":"FAC\u00c9TIES-diapo-spectacle-accueil-2"},{"@type":"BreadcrumbList","@id":"https:\/\/cfbenaim.com\/en\/faceties-la-terrasse\/#breadcrumb","itemListElement":[{"@type":"ListItem","position":1,"name":"Accueil","item":"https:\/\/cfbenaim.com\/en\/"},{"@type":"ListItem","position":2,"name":"JESTS, la terrasse"}]},{"@type":"WebSite","@id":"https:\/\/cfbenaim.com\/#website","url":"https:\/\/cfbenaim.com\/","name":"Compagnie Christian et Fran\u00e7ois Ben A\u00efm","description":"Chor\u00e9graphes","publisher":{"@id":"https:\/\/cfbenaim.com\/#organization"},"potentialAction":[{"@type":"SearchAction","target":{"@type":"EntryPoint","urlTemplate":"https:\/\/cfbenaim.com\/?s={search_term_string}"},"query-input":{"@type":"PropertyValueSpecification","valueRequired":true,"valueName":"search_term_string"}}],"inLanguage":"en-US"},{"@type":"Organization","@id":"https:\/\/cfbenaim.com\/#organization","name":"Compagnie Christian et Fran\u00e7ois Ben A\u00efm","url":"https:\/\/cfbenaim.com\/","logo":{"@type":"ImageObject","inLanguage":"en-US","@id":"https:\/\/cfbenaim.com\/#\/schema\/logo\/image\/","url":"https:\/\/cfbenaim.com\/wp-content\/uploads\/2021\/07\/benaim_logo_noir.png","contentUrl":"https:\/\/cfbenaim.com\/wp-content\/uploads\/2021\/07\/benaim_logo_noir.png","width":500,"height":413,"caption":"Compagnie Christian et Fran\u00e7ois Ben A\u00efm"},"image":{"@id":"https:\/\/cfbenaim.com\/#\/schema\/logo\/image\/"},"sameAs":["https:\/\/www.facebook.com\/christianetfrancoisbenaim","https:\/\/www.instagram.com\/cfbenaim\/","https:\/\/www.linkedin.com\/company\/christian-et-fran\u00e7ois-ben-a\u00efm\/","https:\/\/www.youtube.com\/channel\/UCuWIHFD_xxAfpkyxSC25E6g"]},{"@type":"Person","@id":"https:\/\/cfbenaim.com\/#\/schema\/person\/38fc5df9ccb8b47cd46aaf5c5c0133b9","name":"loict","sameAs":["https:\/\/cfbenaim.com"],"url":"https:\/\/cfbenaim.com\/en\/author\/loict\/"}]}},"_links":{"self":[{"href":"https:\/\/cfbenaim.com\/en\/wp-json\/wp\/v2\/posts\/17083","targetHints":{"allow":["GET"]}}],"collection":[{"href":"https:\/\/cfbenaim.com\/en\/wp-json\/wp\/v2\/posts"}],"about":[{"href":"https:\/\/cfbenaim.com\/en\/wp-json\/wp\/v2\/types\/post"}],"author":[{"embeddable":true,"href":"https:\/\/cfbenaim.com\/en\/wp-json\/wp\/v2\/users\/1"}],"replies":[{"embeddable":true,"href":"https:\/\/cfbenaim.com\/en\/wp-json\/wp\/v2\/comments?post=17083"}],"version-history":[{"count":8,"href":"https:\/\/cfbenaim.com\/en\/wp-json\/wp\/v2\/posts\/17083\/revisions"}],"predecessor-version":[{"id":17888,"href":"https:\/\/cfbenaim.com\/en\/wp-json\/wp\/v2\/posts\/17083\/revisions\/17888"}],"wp:featuredmedia":[{"embeddable":true,"href":"https:\/\/cfbenaim.com\/en\/wp-json\/wp\/v2\/media\/16758"}],"wp:attachment":[{"href":"https:\/\/cfbenaim.com\/en\/wp-json\/wp\/v2\/media?parent=17083"}],"wp:term":[{"taxonomy":"category","embeddable":true,"href":"https:\/\/cfbenaim.com\/en\/wp-json\/wp\/v2\/categories?post=17083"},{"taxonomy":"post_tag","embeddable":true,"href":"https:\/\/cfbenaim.com\/en\/wp-json\/wp\/v2\/tags?post=17083"}],"curies":[{"name":"wp","href":"https:\/\/api.w.org\/{rel}","templated":true}]}}