{"id":17086,"date":"2021-04-16T23:33:04","date_gmt":"2021-04-16T21:33:04","guid":{"rendered":"https:\/\/cfbenaim.com\/focus-the-company-and-faceties-on-culturebox\/"},"modified":"2021-10-04T14:06:21","modified_gmt":"2021-10-04T12:06:21","slug":"focus-the-company-and-faceties-on-culturebox","status":"publish","type":"post","link":"https:\/\/cfbenaim.com\/en\/focus-the-company-and-faceties-on-culturebox\/","title":{"rendered":"Focus: the company and JESTS on Culturebox"},"content":{"rendered":"<div class=\"wpb-content-wrapper\"><p>[vc_row padding_top_multiplier=&#8221;&#8221;][vc_column]<div class=\"grve-element grve-image grve-align-center\">\r\n\t<div class=\"grve-image-item\">\r\n\t\t\r\n\r\n<div class=\"grve-image-wrapper grve-no-effect\">\r\n\t\t<div class=\"grve-thumbnail-wrapper\"  style=\"width: 969px;\"><div class=\"grve-thumbnail\"  style=\"padding-top: 47.988%;\"><img loading=\"lazy\" decoding=\"async\" width=\"969\" height=\"465\" src=\"https:\/\/cfbenaim.com\/wp-content\/uploads\/2021\/07\/culturebox-montage.jpg\" class=\"attachment-full size-full\" alt=\"culturebox-montage\" data-column-space=\"auto\" data-lazyload=\"\" data-grve-filter=\"yes\" srcset=\"https:\/\/cfbenaim.com\/wp-content\/uploads\/2021\/07\/culturebox-montage.jpg 969w, https:\/\/cfbenaim.com\/wp-content\/uploads\/2021\/07\/culturebox-montage-300x144.jpg 300w, https:\/\/cfbenaim.com\/wp-content\/uploads\/2021\/07\/culturebox-montage-768x369.jpg 768w\" sizes=\"auto, (max-width: 969px) 100vw, 969px\" \/><\/div><\/div>\t<\/div>\r\n\t<\/div>\r\n<\/div>\r\n[\/vc_column][\/vc_row][vc_row][vc_column][vc_column_text]Watch the interview with Christian &amp; Fran\u00e7ois BEN A\u00cfM from 28&#8217;43 and a live extract of JESTS (FAC\u00c9TIES in French) with Christian Ben Aim, Chiara Corbetta and Thibaut Eiferman on stage and the musical composition of Nicolas Deutsch.<br \/>\nWe look forward to seeing you and presenting JESTS on June 4 at the Th\u00e9\u00e2tre Chevilly-Larue and from July 10 to 20 at Les Hivernales &#8211; CDCN d&#8217;Avignon as part of the Avignon Festival (depending on government announcements).<\/p>\n<p><a href=\"https:\/\/www.france.tv\/spectacles-et-culture\/emissions-culturelles\/culturebox-l-emission\/2465607-culturebox-l-emission-souleance-compagnie-christian-et-francois-ben-aim-helena-noguerra-nouveau-theatre-populaire-et-delgres.html\" target=\"_blank\" rel=\"noopener\"><span style=\"text-decoration: underline;\">See the interview<\/span><\/a><\/p>\n<p><a href=\"https:\/\/www.france.tv\/spectacles-et-culture\/emissions-culturelles\/culturebox-l-emission\/2467759-compagnie-christian-et-francois-ben-aim-faceties-culturebox-l-emission.html\" target=\"_blank\" rel=\"noopener\"><span style=\"text-decoration: underline;\">See the extract from JESTS<\/span><\/a>[\/vc_column_text][\/vc_column][\/vc_row]<\/p>\n<\/div>","protected":false},"excerpt":{"rendered":"<p>[vc_row padding_top_multiplier=&#8221;&#8221;][vc_column][\/vc_column][\/vc_row][vc_row][vc_column][vc_column_text]Watch the interview with Christian &amp; Fran\u00e7ois BEN A\u00cfM from 28&#8217;43 and a live extract of JESTS (FAC\u00c9TIES in French) with Christian Ben Aim, Chiara Corbetta and Thibaut Eiferman on stage and the musical composition of Nicolas Deutsch. We look forward to seeing you and presenting JESTS on June 4 at the Th\u00e9\u00e2tre Chevilly-Larue [&hellip;]<\/p>\n","protected":false},"author":1,"featured_media":16949,"comment_status":"closed","ping_status":"closed","sticky":false,"template":"","format":"standard","meta":{"footnotes":""},"categories":[86],"tags":[],"class_list":["post-17086","post","type-post","status-publish","format-standard","has-post-thumbnail","hentry","category-news-en","grve-entry-item","grve-blog-item"],"yoast_head":"<!-- This site is optimized with the Yoast SEO plugin v26.9 - https:\/\/yoast.com\/product\/yoast-seo-wordpress\/ -->\n<title>Focus: the company and JESTS on Culturebox - Compagnie Christian et Fran\u00e7ois Ben A\u00efm<\/title>\n<meta name=\"robots\" content=\"index, follow, max-snippet:-1, max-image-preview:large, max-video-preview:-1\" \/>\n<link rel=\"canonical\" href=\"https:\/\/cfbenaim.com\/en\/focus-the-company-and-faceties-on-culturebox\/\" \/>\n<meta property=\"og:locale\" content=\"en_US\" \/>\n<meta property=\"og:type\" content=\"article\" \/>\n<meta property=\"og:title\" content=\"Focus: the company and JESTS on Culturebox - Compagnie Christian et Fran\u00e7ois Ben A\u00efm\" \/>\n<meta property=\"og:description\" content=\"[vc_row padding_top_multiplier=&#8221;&#8221;][vc_column][\/vc_column][\/vc_row][vc_row][vc_column][vc_column_text]Watch the interview with Christian &amp; Fran\u00e7ois BEN A\u00cfM from 28&#8217;43 and a live extract of JESTS (FAC\u00c9TIES in French) with Christian Ben Aim, Chiara Corbetta and Thibaut Eiferman on stage and the musical composition of Nicolas Deutsch. We look forward to seeing you and presenting JESTS on June 4 at the Th\u00e9\u00e2tre Chevilly-Larue [&hellip;]\" \/>\n<meta property=\"og:url\" content=\"https:\/\/cfbenaim.com\/en\/focus-the-company-and-faceties-on-culturebox\/\" \/>\n<meta property=\"og:site_name\" content=\"Compagnie Christian et Fran\u00e7ois Ben A\u00efm\" \/>\n<meta property=\"article:publisher\" content=\"https:\/\/www.facebook.com\/christianetfrancoisbenaim\" \/>\n<meta property=\"article:published_time\" content=\"2021-04-16T21:33:04+00:00\" \/>\n<meta property=\"article:modified_time\" content=\"2021-10-04T12:06:21+00:00\" \/>\n<meta property=\"og:image\" content=\"https:\/\/cfbenaim.com\/wp-content\/uploads\/2021\/04\/culturebox-capture.jpg\" \/>\n\t<meta property=\"og:image:width\" content=\"1920\" \/>\n\t<meta property=\"og:image:height\" content=\"943\" \/>\n\t<meta property=\"og:image:type\" content=\"image\/jpeg\" \/>\n<meta name=\"author\" content=\"loict\" \/>\n<meta name=\"twitter:card\" content=\"summary_large_image\" \/>\n<meta name=\"twitter:label1\" content=\"Written by\" \/>\n\t<meta name=\"twitter:data1\" content=\"loict\" \/>\n\t<meta name=\"twitter:label2\" content=\"Est. reading time\" \/>\n\t<meta name=\"twitter:data2\" content=\"1 minute\" \/>\n<script type=\"application\/ld+json\" class=\"yoast-schema-graph\">{\"@context\":\"https:\/\/schema.org\",\"@graph\":[{\"@type\":\"Article\",\"@id\":\"https:\/\/cfbenaim.com\/en\/focus-the-company-and-faceties-on-culturebox\/#article\",\"isPartOf\":{\"@id\":\"https:\/\/cfbenaim.com\/en\/focus-the-company-and-faceties-on-culturebox\/\"},\"author\":{\"name\":\"loict\",\"@id\":\"https:\/\/cfbenaim.com\/#\/schema\/person\/38fc5df9ccb8b47cd46aaf5c5c0133b9\"},\"headline\":\"Focus: the company and JESTS on Culturebox\",\"datePublished\":\"2021-04-16T21:33:04+00:00\",\"dateModified\":\"2021-10-04T12:06:21+00:00\",\"mainEntityOfPage\":{\"@id\":\"https:\/\/cfbenaim.com\/en\/focus-the-company-and-faceties-on-culturebox\/\"},\"wordCount\":121,\"publisher\":{\"@id\":\"https:\/\/cfbenaim.com\/#organization\"},\"image\":{\"@id\":\"https:\/\/cfbenaim.com\/en\/focus-the-company-and-faceties-on-culturebox\/#primaryimage\"},\"thumbnailUrl\":\"https:\/\/cfbenaim.com\/wp-content\/uploads\/2021\/04\/culturebox-capture.jpg\",\"articleSection\":[\"News\"],\"inLanguage\":\"en-US\"},{\"@type\":\"WebPage\",\"@id\":\"https:\/\/cfbenaim.com\/en\/focus-the-company-and-faceties-on-culturebox\/\",\"url\":\"https:\/\/cfbenaim.com\/en\/focus-the-company-and-faceties-on-culturebox\/\",\"name\":\"Focus: the company and JESTS on Culturebox - Compagnie Christian et Fran\u00e7ois Ben A\u00efm\",\"isPartOf\":{\"@id\":\"https:\/\/cfbenaim.com\/#website\"},\"primaryImageOfPage\":{\"@id\":\"https:\/\/cfbenaim.com\/en\/focus-the-company-and-faceties-on-culturebox\/#primaryimage\"},\"image\":{\"@id\":\"https:\/\/cfbenaim.com\/en\/focus-the-company-and-faceties-on-culturebox\/#primaryimage\"},\"thumbnailUrl\":\"https:\/\/cfbenaim.com\/wp-content\/uploads\/2021\/04\/culturebox-capture.jpg\",\"datePublished\":\"2021-04-16T21:33:04+00:00\",\"dateModified\":\"2021-10-04T12:06:21+00:00\",\"breadcrumb\":{\"@id\":\"https:\/\/cfbenaim.com\/en\/focus-the-company-and-faceties-on-culturebox\/#breadcrumb\"},\"inLanguage\":\"en-US\",\"potentialAction\":[{\"@type\":\"ReadAction\",\"target\":[\"https:\/\/cfbenaim.com\/en\/focus-the-company-and-faceties-on-culturebox\/\"]}]},{\"@type\":\"ImageObject\",\"inLanguage\":\"en-US\",\"@id\":\"https:\/\/cfbenaim.com\/en\/focus-the-company-and-faceties-on-culturebox\/#primaryimage\",\"url\":\"https:\/\/cfbenaim.com\/wp-content\/uploads\/2021\/04\/culturebox-capture.jpg\",\"contentUrl\":\"https:\/\/cfbenaim.com\/wp-content\/uploads\/2021\/04\/culturebox-capture.jpg\",\"width\":1920,\"height\":943,\"caption\":\"culturebox-capture\"},{\"@type\":\"BreadcrumbList\",\"@id\":\"https:\/\/cfbenaim.com\/en\/focus-the-company-and-faceties-on-culturebox\/#breadcrumb\",\"itemListElement\":[{\"@type\":\"ListItem\",\"position\":1,\"name\":\"Accueil\",\"item\":\"https:\/\/cfbenaim.com\/en\/\"},{\"@type\":\"ListItem\",\"position\":2,\"name\":\"Focus: the company and JESTS on Culturebox\"}]},{\"@type\":\"WebSite\",\"@id\":\"https:\/\/cfbenaim.com\/#website\",\"url\":\"https:\/\/cfbenaim.com\/\",\"name\":\"Compagnie Christian et Fran\u00e7ois Ben A\u00efm\",\"description\":\"Chor\u00e9graphes\",\"publisher\":{\"@id\":\"https:\/\/cfbenaim.com\/#organization\"},\"potentialAction\":[{\"@type\":\"SearchAction\",\"target\":{\"@type\":\"EntryPoint\",\"urlTemplate\":\"https:\/\/cfbenaim.com\/?s={search_term_string}\"},\"query-input\":{\"@type\":\"PropertyValueSpecification\",\"valueRequired\":true,\"valueName\":\"search_term_string\"}}],\"inLanguage\":\"en-US\"},{\"@type\":\"Organization\",\"@id\":\"https:\/\/cfbenaim.com\/#organization\",\"name\":\"Compagnie Christian et Fran\u00e7ois Ben A\u00efm\",\"url\":\"https:\/\/cfbenaim.com\/\",\"logo\":{\"@type\":\"ImageObject\",\"inLanguage\":\"en-US\",\"@id\":\"https:\/\/cfbenaim.com\/#\/schema\/logo\/image\/\",\"url\":\"https:\/\/cfbenaim.com\/wp-content\/uploads\/2021\/07\/benaim_logo_noir.png\",\"contentUrl\":\"https:\/\/cfbenaim.com\/wp-content\/uploads\/2021\/07\/benaim_logo_noir.png\",\"width\":500,\"height\":413,\"caption\":\"Compagnie Christian et Fran\u00e7ois Ben A\u00efm\"},\"image\":{\"@id\":\"https:\/\/cfbenaim.com\/#\/schema\/logo\/image\/\"},\"sameAs\":[\"https:\/\/www.facebook.com\/christianetfrancoisbenaim\",\"https:\/\/www.instagram.com\/cfbenaim\/\",\"https:\/\/www.linkedin.com\/company\/christian-et-fran\u00e7ois-ben-a\u00efm\/\",\"https:\/\/www.youtube.com\/channel\/UCuWIHFD_xxAfpkyxSC25E6g\"]},{\"@type\":\"Person\",\"@id\":\"https:\/\/cfbenaim.com\/#\/schema\/person\/38fc5df9ccb8b47cd46aaf5c5c0133b9\",\"name\":\"loict\",\"sameAs\":[\"https:\/\/cfbenaim.com\"],\"url\":\"https:\/\/cfbenaim.com\/en\/author\/loict\/\"}]}<\/script>\n<!-- \/ Yoast SEO plugin. -->","yoast_head_json":{"title":"Focus: the company and JESTS on Culturebox - Compagnie Christian et Fran\u00e7ois Ben A\u00efm","robots":{"index":"index","follow":"follow","max-snippet":"max-snippet:-1","max-image-preview":"max-image-preview:large","max-video-preview":"max-video-preview:-1"},"canonical":"https:\/\/cfbenaim.com\/en\/focus-the-company-and-faceties-on-culturebox\/","og_locale":"en_US","og_type":"article","og_title":"Focus: the company and JESTS on Culturebox - Compagnie Christian et Fran\u00e7ois Ben A\u00efm","og_description":"[vc_row padding_top_multiplier=&#8221;&#8221;][vc_column][\/vc_column][\/vc_row][vc_row][vc_column][vc_column_text]Watch the interview with Christian &amp; Fran\u00e7ois BEN A\u00cfM from 28&#8217;43 and a live extract of JESTS (FAC\u00c9TIES in French) with Christian Ben Aim, Chiara Corbetta and Thibaut Eiferman on stage and the musical composition of Nicolas Deutsch. We look forward to seeing you and presenting JESTS on June 4 at the Th\u00e9\u00e2tre Chevilly-Larue [&hellip;]","og_url":"https:\/\/cfbenaim.com\/en\/focus-the-company-and-faceties-on-culturebox\/","og_site_name":"Compagnie Christian et Fran\u00e7ois Ben A\u00efm","article_publisher":"https:\/\/www.facebook.com\/christianetfrancoisbenaim","article_published_time":"2021-04-16T21:33:04+00:00","article_modified_time":"2021-10-04T12:06:21+00:00","og_image":[{"width":1920,"height":943,"url":"https:\/\/cfbenaim.com\/wp-content\/uploads\/2021\/04\/culturebox-capture.jpg","type":"image\/jpeg"}],"author":"loict","twitter_card":"summary_large_image","twitter_misc":{"Written by":"loict","Est. reading time":"1 minute"},"schema":{"@context":"https:\/\/schema.org","@graph":[{"@type":"Article","@id":"https:\/\/cfbenaim.com\/en\/focus-the-company-and-faceties-on-culturebox\/#article","isPartOf":{"@id":"https:\/\/cfbenaim.com\/en\/focus-the-company-and-faceties-on-culturebox\/"},"author":{"name":"loict","@id":"https:\/\/cfbenaim.com\/#\/schema\/person\/38fc5df9ccb8b47cd46aaf5c5c0133b9"},"headline":"Focus: the company and JESTS on Culturebox","datePublished":"2021-04-16T21:33:04+00:00","dateModified":"2021-10-04T12:06:21+00:00","mainEntityOfPage":{"@id":"https:\/\/cfbenaim.com\/en\/focus-the-company-and-faceties-on-culturebox\/"},"wordCount":121,"publisher":{"@id":"https:\/\/cfbenaim.com\/#organization"},"image":{"@id":"https:\/\/cfbenaim.com\/en\/focus-the-company-and-faceties-on-culturebox\/#primaryimage"},"thumbnailUrl":"https:\/\/cfbenaim.com\/wp-content\/uploads\/2021\/04\/culturebox-capture.jpg","articleSection":["News"],"inLanguage":"en-US"},{"@type":"WebPage","@id":"https:\/\/cfbenaim.com\/en\/focus-the-company-and-faceties-on-culturebox\/","url":"https:\/\/cfbenaim.com\/en\/focus-the-company-and-faceties-on-culturebox\/","name":"Focus: the company and JESTS on Culturebox - Compagnie Christian et Fran\u00e7ois Ben A\u00efm","isPartOf":{"@id":"https:\/\/cfbenaim.com\/#website"},"primaryImageOfPage":{"@id":"https:\/\/cfbenaim.com\/en\/focus-the-company-and-faceties-on-culturebox\/#primaryimage"},"image":{"@id":"https:\/\/cfbenaim.com\/en\/focus-the-company-and-faceties-on-culturebox\/#primaryimage"},"thumbnailUrl":"https:\/\/cfbenaim.com\/wp-content\/uploads\/2021\/04\/culturebox-capture.jpg","datePublished":"2021-04-16T21:33:04+00:00","dateModified":"2021-10-04T12:06:21+00:00","breadcrumb":{"@id":"https:\/\/cfbenaim.com\/en\/focus-the-company-and-faceties-on-culturebox\/#breadcrumb"},"inLanguage":"en-US","potentialAction":[{"@type":"ReadAction","target":["https:\/\/cfbenaim.com\/en\/focus-the-company-and-faceties-on-culturebox\/"]}]},{"@type":"ImageObject","inLanguage":"en-US","@id":"https:\/\/cfbenaim.com\/en\/focus-the-company-and-faceties-on-culturebox\/#primaryimage","url":"https:\/\/cfbenaim.com\/wp-content\/uploads\/2021\/04\/culturebox-capture.jpg","contentUrl":"https:\/\/cfbenaim.com\/wp-content\/uploads\/2021\/04\/culturebox-capture.jpg","width":1920,"height":943,"caption":"culturebox-capture"},{"@type":"BreadcrumbList","@id":"https:\/\/cfbenaim.com\/en\/focus-the-company-and-faceties-on-culturebox\/#breadcrumb","itemListElement":[{"@type":"ListItem","position":1,"name":"Accueil","item":"https:\/\/cfbenaim.com\/en\/"},{"@type":"ListItem","position":2,"name":"Focus: the company and JESTS on Culturebox"}]},{"@type":"WebSite","@id":"https:\/\/cfbenaim.com\/#website","url":"https:\/\/cfbenaim.com\/","name":"Compagnie Christian et Fran\u00e7ois Ben A\u00efm","description":"Chor\u00e9graphes","publisher":{"@id":"https:\/\/cfbenaim.com\/#organization"},"potentialAction":[{"@type":"SearchAction","target":{"@type":"EntryPoint","urlTemplate":"https:\/\/cfbenaim.com\/?s={search_term_string}"},"query-input":{"@type":"PropertyValueSpecification","valueRequired":true,"valueName":"search_term_string"}}],"inLanguage":"en-US"},{"@type":"Organization","@id":"https:\/\/cfbenaim.com\/#organization","name":"Compagnie Christian et Fran\u00e7ois Ben A\u00efm","url":"https:\/\/cfbenaim.com\/","logo":{"@type":"ImageObject","inLanguage":"en-US","@id":"https:\/\/cfbenaim.com\/#\/schema\/logo\/image\/","url":"https:\/\/cfbenaim.com\/wp-content\/uploads\/2021\/07\/benaim_logo_noir.png","contentUrl":"https:\/\/cfbenaim.com\/wp-content\/uploads\/2021\/07\/benaim_logo_noir.png","width":500,"height":413,"caption":"Compagnie Christian et Fran\u00e7ois Ben A\u00efm"},"image":{"@id":"https:\/\/cfbenaim.com\/#\/schema\/logo\/image\/"},"sameAs":["https:\/\/www.facebook.com\/christianetfrancoisbenaim","https:\/\/www.instagram.com\/cfbenaim\/","https:\/\/www.linkedin.com\/company\/christian-et-fran\u00e7ois-ben-a\u00efm\/","https:\/\/www.youtube.com\/channel\/UCuWIHFD_xxAfpkyxSC25E6g"]},{"@type":"Person","@id":"https:\/\/cfbenaim.com\/#\/schema\/person\/38fc5df9ccb8b47cd46aaf5c5c0133b9","name":"loict","sameAs":["https:\/\/cfbenaim.com"],"url":"https:\/\/cfbenaim.com\/en\/author\/loict\/"}]}},"_links":{"self":[{"href":"https:\/\/cfbenaim.com\/en\/wp-json\/wp\/v2\/posts\/17086","targetHints":{"allow":["GET"]}}],"collection":[{"href":"https:\/\/cfbenaim.com\/en\/wp-json\/wp\/v2\/posts"}],"about":[{"href":"https:\/\/cfbenaim.com\/en\/wp-json\/wp\/v2\/types\/post"}],"author":[{"embeddable":true,"href":"https:\/\/cfbenaim.com\/en\/wp-json\/wp\/v2\/users\/1"}],"replies":[{"embeddable":true,"href":"https:\/\/cfbenaim.com\/en\/wp-json\/wp\/v2\/comments?post=17086"}],"version-history":[{"count":7,"href":"https:\/\/cfbenaim.com\/en\/wp-json\/wp\/v2\/posts\/17086\/revisions"}],"predecessor-version":[{"id":17889,"href":"https:\/\/cfbenaim.com\/en\/wp-json\/wp\/v2\/posts\/17086\/revisions\/17889"}],"wp:featuredmedia":[{"embeddable":true,"href":"https:\/\/cfbenaim.com\/en\/wp-json\/wp\/v2\/media\/16949"}],"wp:attachment":[{"href":"https:\/\/cfbenaim.com\/en\/wp-json\/wp\/v2\/media?parent=17086"}],"wp:term":[{"taxonomy":"category","embeddable":true,"href":"https:\/\/cfbenaim.com\/en\/wp-json\/wp\/v2\/categories?post=17086"},{"taxonomy":"post_tag","embeddable":true,"href":"https:\/\/cfbenaim.com\/en\/wp-json\/wp\/v2\/tags?post=17086"}],"curies":[{"name":"wp","href":"https:\/\/api.w.org\/{rel}","templated":true}]}}