{"id":17143,"date":"2017-06-15T08:57:32","date_gmt":"2017-06-15T06:57:32","guid":{"rendered":"https:\/\/cfbenaim.com\/discover-the-teaser-of-brulent-nos-coeurs-insoumis-burn-rebellious-hearts\/"},"modified":"2021-09-25T16:43:00","modified_gmt":"2021-09-25T14:43:00","slug":"discover-the-teaser-of-brulent-nos-coeurs-insoumis-burn-rebellious-hearts","status":"publish","type":"post","link":"https:\/\/cfbenaim.com\/en\/discover-the-teaser-of-brulent-nos-coeurs-insoumis-burn-rebellious-hearts\/","title":{"rendered":"Discover the teaser of Br\u00fblent nos coeurs insoumis! (Burn, rebellious hearts)"},"content":{"rendered":"<div class=\"wpb-content-wrapper\"><p>[vc_row padding_top_multiplier=&#8221;&#8221;][vc_column][vc_column_text]Discover the new teaser of the show Br\u00fblent nos coeurs insoumis (Burn, rebellious hearts).[\/vc_column_text][\/vc_column][\/vc_row][vc_row][vc_column]<div class=\"grve-element grve-video\"><iframe loading=\"lazy\" title=\"Christian &amp; Fran\u00e7ois Ben A\u00efm | Br\u00fblent nos coeurs insoumis | Teaser\" width=\"1080\" height=\"608\" src=\"https:\/\/www.youtube.com\/embed\/tAY0FQNRqGc?feature=oembed\" frameborder=\"0\" allow=\"accelerometer; autoplay; clipboard-write; encrypted-media; gyroscope; picture-in-picture\" allowfullscreen><\/iframe><\/div>[\/vc_column][\/vc_row]<\/p>\n<\/div>","protected":false},"excerpt":{"rendered":"<p>[vc_row padding_top_multiplier=&#8221;&#8221;][vc_column][vc_column_text]Discover the new teaser of the show Br\u00fblent nos coeurs insoumis (Burn, rebellious hearts).[\/vc_column_text][\/vc_column][\/vc_row][vc_row][vc_column][\/vc_column][\/vc_row]<\/p>\n","protected":false},"author":1,"featured_media":16722,"comment_status":"closed","ping_status":"closed","sticky":false,"template":"","format":"standard","meta":{"footnotes":""},"categories":[86],"tags":[],"class_list":["post-17143","post","type-post","status-publish","format-standard","has-post-thumbnail","hentry","category-news-en","grve-entry-item","grve-blog-item"],"yoast_head":"<!-- This site is optimized with the Yoast SEO plugin v26.9 - https:\/\/yoast.com\/product\/yoast-seo-wordpress\/ -->\n<title>Discover the teaser of Br\u00fblent nos coeurs insoumis! (Burn, rebellious hearts) - Compagnie Christian et Fran\u00e7ois Ben A\u00efm<\/title>\n<meta name=\"robots\" content=\"index, follow, max-snippet:-1, max-image-preview:large, max-video-preview:-1\" \/>\n<link rel=\"canonical\" href=\"https:\/\/cfbenaim.com\/en\/discover-the-teaser-of-brulent-nos-coeurs-insoumis-burn-rebellious-hearts\/\" \/>\n<meta property=\"og:locale\" content=\"en_US\" \/>\n<meta property=\"og:type\" content=\"article\" \/>\n<meta property=\"og:title\" content=\"Discover the teaser of Br\u00fblent nos coeurs insoumis! (Burn, rebellious hearts) - Compagnie Christian et Fran\u00e7ois Ben A\u00efm\" \/>\n<meta property=\"og:description\" content=\"[vc_row padding_top_multiplier=&#8221;&#8221;][vc_column][vc_column_text]Discover the new teaser of the show Br\u00fblent nos coeurs insoumis (Burn, rebellious hearts).[\/vc_column_text][\/vc_column][\/vc_row][vc_row][vc_column][\/vc_column][\/vc_row]\" \/>\n<meta property=\"og:url\" content=\"https:\/\/cfbenaim.com\/en\/discover-the-teaser-of-brulent-nos-coeurs-insoumis-burn-rebellious-hearts\/\" \/>\n<meta property=\"og:site_name\" content=\"Compagnie Christian et Fran\u00e7ois Ben A\u00efm\" \/>\n<meta property=\"article:publisher\" content=\"https:\/\/www.facebook.com\/christianetfrancoisbenaim\" \/>\n<meta property=\"article:published_time\" content=\"2017-06-15T06:57:32+00:00\" \/>\n<meta property=\"article:modified_time\" content=\"2021-09-25T14:43:00+00:00\" \/>\n<meta property=\"og:image\" content=\"https:\/\/cfbenaim.com\/wp-content\/uploads\/2021\/08\/Brulent-nos-coeurs-insoumis-\u00a9-Patrick-Berger.jpg\" \/>\n\t<meta property=\"og:image:width\" content=\"1920\" \/>\n\t<meta property=\"og:image:height\" content=\"1421\" \/>\n\t<meta property=\"og:image:type\" content=\"image\/jpeg\" \/>\n<meta name=\"author\" content=\"loict\" \/>\n<meta name=\"twitter:card\" content=\"summary_large_image\" \/>\n<meta name=\"twitter:label1\" content=\"Written by\" \/>\n\t<meta name=\"twitter:data1\" content=\"loict\" \/>\n<script type=\"application\/ld+json\" class=\"yoast-schema-graph\">{\"@context\":\"https:\/\/schema.org\",\"@graph\":[{\"@type\":\"Article\",\"@id\":\"https:\/\/cfbenaim.com\/en\/discover-the-teaser-of-brulent-nos-coeurs-insoumis-burn-rebellious-hearts\/#article\",\"isPartOf\":{\"@id\":\"https:\/\/cfbenaim.com\/en\/discover-the-teaser-of-brulent-nos-coeurs-insoumis-burn-rebellious-hearts\/\"},\"author\":{\"name\":\"loict\",\"@id\":\"https:\/\/cfbenaim.com\/#\/schema\/person\/38fc5df9ccb8b47cd46aaf5c5c0133b9\"},\"headline\":\"Discover the teaser of Br\u00fblent nos coeurs insoumis! (Burn, rebellious hearts)\",\"datePublished\":\"2017-06-15T06:57:32+00:00\",\"dateModified\":\"2021-09-25T14:43:00+00:00\",\"mainEntityOfPage\":{\"@id\":\"https:\/\/cfbenaim.com\/en\/discover-the-teaser-of-brulent-nos-coeurs-insoumis-burn-rebellious-hearts\/\"},\"wordCount\":61,\"publisher\":{\"@id\":\"https:\/\/cfbenaim.com\/#organization\"},\"image\":{\"@id\":\"https:\/\/cfbenaim.com\/en\/discover-the-teaser-of-brulent-nos-coeurs-insoumis-burn-rebellious-hearts\/#primaryimage\"},\"thumbnailUrl\":\"https:\/\/cfbenaim.com\/wp-content\/uploads\/2021\/08\/Brulent-nos-coeurs-insoumis-\u00a9-Patrick-Berger.jpg\",\"articleSection\":[\"News\"],\"inLanguage\":\"en-US\"},{\"@type\":\"WebPage\",\"@id\":\"https:\/\/cfbenaim.com\/en\/discover-the-teaser-of-brulent-nos-coeurs-insoumis-burn-rebellious-hearts\/\",\"url\":\"https:\/\/cfbenaim.com\/en\/discover-the-teaser-of-brulent-nos-coeurs-insoumis-burn-rebellious-hearts\/\",\"name\":\"Discover the teaser of Br\u00fblent nos coeurs insoumis! (Burn, rebellious hearts) - Compagnie Christian et Fran\u00e7ois Ben A\u00efm\",\"isPartOf\":{\"@id\":\"https:\/\/cfbenaim.com\/#website\"},\"primaryImageOfPage\":{\"@id\":\"https:\/\/cfbenaim.com\/en\/discover-the-teaser-of-brulent-nos-coeurs-insoumis-burn-rebellious-hearts\/#primaryimage\"},\"image\":{\"@id\":\"https:\/\/cfbenaim.com\/en\/discover-the-teaser-of-brulent-nos-coeurs-insoumis-burn-rebellious-hearts\/#primaryimage\"},\"thumbnailUrl\":\"https:\/\/cfbenaim.com\/wp-content\/uploads\/2021\/08\/Brulent-nos-coeurs-insoumis-\u00a9-Patrick-Berger.jpg\",\"datePublished\":\"2017-06-15T06:57:32+00:00\",\"dateModified\":\"2021-09-25T14:43:00+00:00\",\"breadcrumb\":{\"@id\":\"https:\/\/cfbenaim.com\/en\/discover-the-teaser-of-brulent-nos-coeurs-insoumis-burn-rebellious-hearts\/#breadcrumb\"},\"inLanguage\":\"en-US\",\"potentialAction\":[{\"@type\":\"ReadAction\",\"target\":[\"https:\/\/cfbenaim.com\/en\/discover-the-teaser-of-brulent-nos-coeurs-insoumis-burn-rebellious-hearts\/\"]}]},{\"@type\":\"ImageObject\",\"inLanguage\":\"en-US\",\"@id\":\"https:\/\/cfbenaim.com\/en\/discover-the-teaser-of-brulent-nos-coeurs-insoumis-burn-rebellious-hearts\/#primaryimage\",\"url\":\"https:\/\/cfbenaim.com\/wp-content\/uploads\/2021\/08\/Brulent-nos-coeurs-insoumis-\u00a9-Patrick-Berger.jpg\",\"contentUrl\":\"https:\/\/cfbenaim.com\/wp-content\/uploads\/2021\/08\/Brulent-nos-coeurs-insoumis-\u00a9-Patrick-Berger.jpg\",\"width\":1920,\"height\":1421,\"caption\":\"Br\u00fblent, nos coeurs insoumis \u00a9 Patrick Berger\"},{\"@type\":\"BreadcrumbList\",\"@id\":\"https:\/\/cfbenaim.com\/en\/discover-the-teaser-of-brulent-nos-coeurs-insoumis-burn-rebellious-hearts\/#breadcrumb\",\"itemListElement\":[{\"@type\":\"ListItem\",\"position\":1,\"name\":\"Accueil\",\"item\":\"https:\/\/cfbenaim.com\/en\/\"},{\"@type\":\"ListItem\",\"position\":2,\"name\":\"Discover the teaser of Br\u00fblent nos coeurs insoumis! (Burn, rebellious hearts)\"}]},{\"@type\":\"WebSite\",\"@id\":\"https:\/\/cfbenaim.com\/#website\",\"url\":\"https:\/\/cfbenaim.com\/\",\"name\":\"Compagnie Christian et Fran\u00e7ois Ben A\u00efm\",\"description\":\"Chor\u00e9graphes\",\"publisher\":{\"@id\":\"https:\/\/cfbenaim.com\/#organization\"},\"potentialAction\":[{\"@type\":\"SearchAction\",\"target\":{\"@type\":\"EntryPoint\",\"urlTemplate\":\"https:\/\/cfbenaim.com\/?s={search_term_string}\"},\"query-input\":{\"@type\":\"PropertyValueSpecification\",\"valueRequired\":true,\"valueName\":\"search_term_string\"}}],\"inLanguage\":\"en-US\"},{\"@type\":\"Organization\",\"@id\":\"https:\/\/cfbenaim.com\/#organization\",\"name\":\"Compagnie Christian et Fran\u00e7ois Ben A\u00efm\",\"url\":\"https:\/\/cfbenaim.com\/\",\"logo\":{\"@type\":\"ImageObject\",\"inLanguage\":\"en-US\",\"@id\":\"https:\/\/cfbenaim.com\/#\/schema\/logo\/image\/\",\"url\":\"https:\/\/cfbenaim.com\/wp-content\/uploads\/2021\/07\/benaim_logo_noir.png\",\"contentUrl\":\"https:\/\/cfbenaim.com\/wp-content\/uploads\/2021\/07\/benaim_logo_noir.png\",\"width\":500,\"height\":413,\"caption\":\"Compagnie Christian et Fran\u00e7ois Ben A\u00efm\"},\"image\":{\"@id\":\"https:\/\/cfbenaim.com\/#\/schema\/logo\/image\/\"},\"sameAs\":[\"https:\/\/www.facebook.com\/christianetfrancoisbenaim\",\"https:\/\/www.instagram.com\/cfbenaim\/\",\"https:\/\/www.linkedin.com\/company\/christian-et-fran\u00e7ois-ben-a\u00efm\/\",\"https:\/\/www.youtube.com\/channel\/UCuWIHFD_xxAfpkyxSC25E6g\"]},{\"@type\":\"Person\",\"@id\":\"https:\/\/cfbenaim.com\/#\/schema\/person\/38fc5df9ccb8b47cd46aaf5c5c0133b9\",\"name\":\"loict\",\"sameAs\":[\"https:\/\/cfbenaim.com\"],\"url\":\"https:\/\/cfbenaim.com\/en\/author\/loict\/\"}]}<\/script>\n<!-- \/ Yoast SEO plugin. -->","yoast_head_json":{"title":"Discover the teaser of Br\u00fblent nos coeurs insoumis! (Burn, rebellious hearts) - Compagnie Christian et Fran\u00e7ois Ben A\u00efm","robots":{"index":"index","follow":"follow","max-snippet":"max-snippet:-1","max-image-preview":"max-image-preview:large","max-video-preview":"max-video-preview:-1"},"canonical":"https:\/\/cfbenaim.com\/en\/discover-the-teaser-of-brulent-nos-coeurs-insoumis-burn-rebellious-hearts\/","og_locale":"en_US","og_type":"article","og_title":"Discover the teaser of Br\u00fblent nos coeurs insoumis! (Burn, rebellious hearts) - Compagnie Christian et Fran\u00e7ois Ben A\u00efm","og_description":"[vc_row padding_top_multiplier=&#8221;&#8221;][vc_column][vc_column_text]Discover the new teaser of the show Br\u00fblent nos coeurs insoumis (Burn, rebellious hearts).[\/vc_column_text][\/vc_column][\/vc_row][vc_row][vc_column][\/vc_column][\/vc_row]","og_url":"https:\/\/cfbenaim.com\/en\/discover-the-teaser-of-brulent-nos-coeurs-insoumis-burn-rebellious-hearts\/","og_site_name":"Compagnie Christian et Fran\u00e7ois Ben A\u00efm","article_publisher":"https:\/\/www.facebook.com\/christianetfrancoisbenaim","article_published_time":"2017-06-15T06:57:32+00:00","article_modified_time":"2021-09-25T14:43:00+00:00","og_image":[{"width":1920,"height":1421,"url":"https:\/\/cfbenaim.com\/wp-content\/uploads\/2021\/08\/Brulent-nos-coeurs-insoumis-\u00a9-Patrick-Berger.jpg","type":"image\/jpeg"}],"author":"loict","twitter_card":"summary_large_image","twitter_misc":{"Written by":"loict"},"schema":{"@context":"https:\/\/schema.org","@graph":[{"@type":"Article","@id":"https:\/\/cfbenaim.com\/en\/discover-the-teaser-of-brulent-nos-coeurs-insoumis-burn-rebellious-hearts\/#article","isPartOf":{"@id":"https:\/\/cfbenaim.com\/en\/discover-the-teaser-of-brulent-nos-coeurs-insoumis-burn-rebellious-hearts\/"},"author":{"name":"loict","@id":"https:\/\/cfbenaim.com\/#\/schema\/person\/38fc5df9ccb8b47cd46aaf5c5c0133b9"},"headline":"Discover the teaser of Br\u00fblent nos coeurs insoumis! (Burn, rebellious hearts)","datePublished":"2017-06-15T06:57:32+00:00","dateModified":"2021-09-25T14:43:00+00:00","mainEntityOfPage":{"@id":"https:\/\/cfbenaim.com\/en\/discover-the-teaser-of-brulent-nos-coeurs-insoumis-burn-rebellious-hearts\/"},"wordCount":61,"publisher":{"@id":"https:\/\/cfbenaim.com\/#organization"},"image":{"@id":"https:\/\/cfbenaim.com\/en\/discover-the-teaser-of-brulent-nos-coeurs-insoumis-burn-rebellious-hearts\/#primaryimage"},"thumbnailUrl":"https:\/\/cfbenaim.com\/wp-content\/uploads\/2021\/08\/Brulent-nos-coeurs-insoumis-\u00a9-Patrick-Berger.jpg","articleSection":["News"],"inLanguage":"en-US"},{"@type":"WebPage","@id":"https:\/\/cfbenaim.com\/en\/discover-the-teaser-of-brulent-nos-coeurs-insoumis-burn-rebellious-hearts\/","url":"https:\/\/cfbenaim.com\/en\/discover-the-teaser-of-brulent-nos-coeurs-insoumis-burn-rebellious-hearts\/","name":"Discover the teaser of Br\u00fblent nos coeurs insoumis! (Burn, rebellious hearts) - Compagnie Christian et Fran\u00e7ois Ben A\u00efm","isPartOf":{"@id":"https:\/\/cfbenaim.com\/#website"},"primaryImageOfPage":{"@id":"https:\/\/cfbenaim.com\/en\/discover-the-teaser-of-brulent-nos-coeurs-insoumis-burn-rebellious-hearts\/#primaryimage"},"image":{"@id":"https:\/\/cfbenaim.com\/en\/discover-the-teaser-of-brulent-nos-coeurs-insoumis-burn-rebellious-hearts\/#primaryimage"},"thumbnailUrl":"https:\/\/cfbenaim.com\/wp-content\/uploads\/2021\/08\/Brulent-nos-coeurs-insoumis-\u00a9-Patrick-Berger.jpg","datePublished":"2017-06-15T06:57:32+00:00","dateModified":"2021-09-25T14:43:00+00:00","breadcrumb":{"@id":"https:\/\/cfbenaim.com\/en\/discover-the-teaser-of-brulent-nos-coeurs-insoumis-burn-rebellious-hearts\/#breadcrumb"},"inLanguage":"en-US","potentialAction":[{"@type":"ReadAction","target":["https:\/\/cfbenaim.com\/en\/discover-the-teaser-of-brulent-nos-coeurs-insoumis-burn-rebellious-hearts\/"]}]},{"@type":"ImageObject","inLanguage":"en-US","@id":"https:\/\/cfbenaim.com\/en\/discover-the-teaser-of-brulent-nos-coeurs-insoumis-burn-rebellious-hearts\/#primaryimage","url":"https:\/\/cfbenaim.com\/wp-content\/uploads\/2021\/08\/Brulent-nos-coeurs-insoumis-\u00a9-Patrick-Berger.jpg","contentUrl":"https:\/\/cfbenaim.com\/wp-content\/uploads\/2021\/08\/Brulent-nos-coeurs-insoumis-\u00a9-Patrick-Berger.jpg","width":1920,"height":1421,"caption":"Br\u00fblent, nos coeurs insoumis \u00a9 Patrick Berger"},{"@type":"BreadcrumbList","@id":"https:\/\/cfbenaim.com\/en\/discover-the-teaser-of-brulent-nos-coeurs-insoumis-burn-rebellious-hearts\/#breadcrumb","itemListElement":[{"@type":"ListItem","position":1,"name":"Accueil","item":"https:\/\/cfbenaim.com\/en\/"},{"@type":"ListItem","position":2,"name":"Discover the teaser of Br\u00fblent nos coeurs insoumis! (Burn, rebellious hearts)"}]},{"@type":"WebSite","@id":"https:\/\/cfbenaim.com\/#website","url":"https:\/\/cfbenaim.com\/","name":"Compagnie Christian et Fran\u00e7ois Ben A\u00efm","description":"Chor\u00e9graphes","publisher":{"@id":"https:\/\/cfbenaim.com\/#organization"},"potentialAction":[{"@type":"SearchAction","target":{"@type":"EntryPoint","urlTemplate":"https:\/\/cfbenaim.com\/?s={search_term_string}"},"query-input":{"@type":"PropertyValueSpecification","valueRequired":true,"valueName":"search_term_string"}}],"inLanguage":"en-US"},{"@type":"Organization","@id":"https:\/\/cfbenaim.com\/#organization","name":"Compagnie Christian et Fran\u00e7ois Ben A\u00efm","url":"https:\/\/cfbenaim.com\/","logo":{"@type":"ImageObject","inLanguage":"en-US","@id":"https:\/\/cfbenaim.com\/#\/schema\/logo\/image\/","url":"https:\/\/cfbenaim.com\/wp-content\/uploads\/2021\/07\/benaim_logo_noir.png","contentUrl":"https:\/\/cfbenaim.com\/wp-content\/uploads\/2021\/07\/benaim_logo_noir.png","width":500,"height":413,"caption":"Compagnie Christian et Fran\u00e7ois Ben A\u00efm"},"image":{"@id":"https:\/\/cfbenaim.com\/#\/schema\/logo\/image\/"},"sameAs":["https:\/\/www.facebook.com\/christianetfrancoisbenaim","https:\/\/www.instagram.com\/cfbenaim\/","https:\/\/www.linkedin.com\/company\/christian-et-fran\u00e7ois-ben-a\u00efm\/","https:\/\/www.youtube.com\/channel\/UCuWIHFD_xxAfpkyxSC25E6g"]},{"@type":"Person","@id":"https:\/\/cfbenaim.com\/#\/schema\/person\/38fc5df9ccb8b47cd46aaf5c5c0133b9","name":"loict","sameAs":["https:\/\/cfbenaim.com"],"url":"https:\/\/cfbenaim.com\/en\/author\/loict\/"}]}},"_links":{"self":[{"href":"https:\/\/cfbenaim.com\/en\/wp-json\/wp\/v2\/posts\/17143","targetHints":{"allow":["GET"]}}],"collection":[{"href":"https:\/\/cfbenaim.com\/en\/wp-json\/wp\/v2\/posts"}],"about":[{"href":"https:\/\/cfbenaim.com\/en\/wp-json\/wp\/v2\/types\/post"}],"author":[{"embeddable":true,"href":"https:\/\/cfbenaim.com\/en\/wp-json\/wp\/v2\/users\/1"}],"replies":[{"embeddable":true,"href":"https:\/\/cfbenaim.com\/en\/wp-json\/wp\/v2\/comments?post=17143"}],"version-history":[{"count":2,"href":"https:\/\/cfbenaim.com\/en\/wp-json\/wp\/v2\/posts\/17143\/revisions"}],"predecessor-version":[{"id":17145,"href":"https:\/\/cfbenaim.com\/en\/wp-json\/wp\/v2\/posts\/17143\/revisions\/17145"}],"wp:featuredmedia":[{"embeddable":true,"href":"https:\/\/cfbenaim.com\/en\/wp-json\/wp\/v2\/media\/16722"}],"wp:attachment":[{"href":"https:\/\/cfbenaim.com\/en\/wp-json\/wp\/v2\/media?parent=17143"}],"wp:term":[{"taxonomy":"category","embeddable":true,"href":"https:\/\/cfbenaim.com\/en\/wp-json\/wp\/v2\/categories?post=17143"},{"taxonomy":"post_tag","embeddable":true,"href":"https:\/\/cfbenaim.com\/en\/wp-json\/wp\/v2\/tags?post=17143"}],"curies":[{"name":"wp","href":"https:\/\/api.w.org\/{rel}","templated":true}]}}